{"id":5882,"date":"2019-12-23T12:11:00","date_gmt":"2019-12-23T11:11:00","guid":{"rendered":"https:\/\/hausafrika.de\/aktuelles\/?p=5882"},"modified":"2024-10-13T15:40:51","modified_gmt":"2024-10-13T13:40:51","slug":"ein-integrationspolitisch-erfolgreiches-jahr-2020","status":"publish","type":"post","link":"https:\/\/hausafrika.de\/aktuelles\/2019\/12\/23\/ein-integrationspolitisch-erfolgreiches-jahr-2020\/","title":{"rendered":"Ein Integrationspolitisch erfolgreiches Jahr 2020!"},"content":{"rendered":"\n<p>Sehr geehrte Damen und Herren,<\/p>\n\n\n\n<p>das Jahr 2019 endet mit zahlreichen politischen Ereignissen in der Stadt Saarbr\u00fccken. Darunter der Abschluss eines Koalitionsvertrages&nbsp; zwischen den Parteien CDU, B\u00fcndnis 90\/Die Gr\u00fcnen und FDP, der Wechsel an der Verwaltungsspitze durch Wahl eines neuen Oberb\u00fcrgermeisters und einer neuen B\u00fcrgermeisterin.<\/p>\n\n\n\n<p>Durch den am 30.09.2019 abgeschlossenen Koalitionsvertrag \u201eSaarbr\u00fccken-Die Zukunftsstadt\u201c sind die Intentionen der neuen Koalition im Stadtrat zur Integration von mehr als 20 % der Saarbr\u00fcckerinnen und Saarbr\u00fccker nicht erkennbar. Dies macht unsere Arbeit in der laufenden Legislaturperiode zur F\u00f6rderung der Partizipation und Teilhabe von Menschen mit Migrationshintergrund in unserer Stadt spannend.<\/p>\n\n\n\n<p>Gemeinsam schaffen wir es. Davon bin ich fest \u00fcberzeugt.<br><br>In diesem Sinne w\u00fcnsche ich allen<br><br>Frohe Weihnachten<br>und<br>ein integrationspolitisch erfolgreiches Jahr 2020!<\/p>\n\n\n\n<p><br>Lamine Cont\u00e9<br>Sprecher des Integrationsbeirates der Landeshauptstadt Saarbr\u00fccken<\/p>\n\n\n\n<p><strong>Kontakt:<\/strong> 0175-360 64 21<\/p>\n","protected":false},"excerpt":{"rendered":"<p>Sehr geehrte Damen und Herren, das Jahr 2019 endet mit&#8230;<\/p>\n","protected":false},"author":3,"featured_media":5885,"comment_status":"closed","ping_status":"open","sticky":false,"template":"","format":"standard","meta":{"inline_featured_image":false,"footnotes":""},"categories":[1,24],"tags":[25,26,27],"class_list":{"0":"post-5882","1":"post","2":"type-post","3":"status-publish","4":"format-standard","5":"has-post-thumbnail","7":"category-allgemein","8":"category-integration","9":"tag-integration","10":"tag-integrationspolitisch","11":"tag-landeshauptstadt-saarbruecken"},"_links":{"self":[{"href":"https:\/\/hausafrika.de\/aktuelles\/wp-json\/wp\/v2\/posts\/5882","targetHints":{"allow":["GET"]}}],"collection":[{"href":"https:\/\/hausafrika.de\/aktuelles\/wp-json\/wp\/v2\/posts"}],"about":[{"href":"https:\/\/hausafrika.de\/aktuelles\/wp-json\/wp\/v2\/types\/post"}],"author":[{"embeddable":true,"href":"https:\/\/hausafrika.de\/aktuelles\/wp-json\/wp\/v2\/users\/3"}],"replies":[{"embeddable":true,"href":"https:\/\/hausafrika.de\/aktuelles\/wp-json\/wp\/v2\/comments?post=5882"}],"version-history":[{"count":2,"href":"https:\/\/hausafrika.de\/aktuelles\/wp-json\/wp\/v2\/posts\/5882\/revisions"}],"predecessor-version":[{"id":5887,"href":"https:\/\/hausafrika.de\/aktuelles\/wp-json\/wp\/v2\/posts\/5882\/revisions\/5887"}],"wp:featuredmedia":[{"embeddable":true,"href":"https:\/\/hausafrika.de\/aktuelles\/wp-json\/wp\/v2\/media\/5885"}],"wp:attachment":[{"href":"https:\/\/hausafrika.de\/aktuelles\/wp-json\/wp\/v2\/media?parent=5882"}],"wp:term":[{"taxonomy":"category","embeddable":true,"href":"https:\/\/hausafrika.de\/aktuelles\/wp-json\/wp\/v2\/categories?post=5882"},{"taxonomy":"post_tag","embeddable":true,"href":"https:\/\/hausafrika.de\/aktuelles\/wp-json\/wp\/v2\/tags?post=5882"}],"curies":[{"name":"wp","href":"https:\/\/api.w.org\/{rel}","templated":true}]}}