{"id":5957,"date":"2020-06-04T14:19:07","date_gmt":"2020-06-04T12:19:07","guid":{"rendered":"https:\/\/hausafrika.de\/aktuelles\/?p=5957"},"modified":"2024-10-13T15:40:51","modified_gmt":"2024-10-13T13:40:51","slug":"we-matter-nein-zu-rassismus","status":"publish","type":"post","link":"https:\/\/hausafrika.de\/aktuelles\/2020\/06\/04\/we-matter-nein-zu-rassismus\/","title":{"rendered":"We; Matter: Nein zu Rassismus"},"content":{"rendered":"\n<p>liebe Mitglieds- und Partnerorganisationen von Haus Afrika,<br>sehr geehrte Damen und Herren,<\/p>\n\n\n\n<p>Jugendliche aus dem Saarland mit Unterst\u00fctzung zahlreicher Engagierten Menschen organisieren am Wochenende 06.-07.06.2020 Aktionen in Saarbr\u00fccken, um Solidarit\u00e4t mit Opfern rassstisch motivierter Polizeigewalt in den USA zu zeigen und Zeichen gegen Rassismus zu setzen. S. Plakat im Anhang.<\/p>\n\n\n\n<p>Nach einem Austauschtreffen am 02.06.2020 mit den Organisatorinnen unterst\u00fctzt Haus Afrika das Vorhaben in vollem Umfang und bittet alle&nbsp; Mitglieds- und Partnerorganisationen das Wochenendenaktionsprogramm der Jugendlichen zu unterst\u00fctzen.<\/p>\n\n\n\n<p>Eine Presseerkl\u00e4rung wird vorbereitet und bis Freitag an Mitglieds-und Partnerorganisationen zugeschickt. Jede konkaktierte Organisation hat die M\u00f6glichkeit, mit ihrem Namen auf der Presseerkl\u00e4rung, das Aktionsprogramm zu unterst\u00fctzen.<\/p>\n\n\n\n<p>Viele Gr\u00fc\u00dfe<\/p>\n\n\n\n<p>Haus Afrika e. V.<br>Verband interkulturell aktiver Organisationen<br>Lamine Cont\u00e9<br><br>Kontakt: Yasmin Kahumuzen<\/p>\n\n\n\n<div class=\"wp-block-file aligncenter\"><a href=\"https:\/\/hausafrika.de\/aktuelles\/wp-content\/uploads\/sites\/2\/2020\/06\/Plakat_gegen_Rassismus_06_u_07_Juni_2020_Saarbr\u00fccken-1.pdf\" target=\"_blank\" rel=\"noreferrer noopener\">Plakat gegen Rassismus 06.06.2020 Saarbr\u00fccken ansehen<br><\/a><a href=\"https:\/\/hausafrika.de\/aktuelles\/wp-content\/uploads\/sites\/2\/2020\/06\/Plakat_gegen_Rassismus_06_u_07_Juni_2020_Saarbr\u00fccken-1.pdf\" class=\"wp-block-file__button\" download>Herunterladen<\/a><\/div>\n","protected":false},"excerpt":{"rendered":"<p>liebe Mitglieds- und Partnerorganisationen von Haus Afrika,sehr geehrte Damen und&#8230;<\/p>\n","protected":false},"author":3,"featured_media":5961,"comment_status":"closed","ping_status":"open","sticky":false,"template":"","format":"standard","meta":{"inline_featured_image":false,"footnotes":""},"categories":[46],"tags":[45,51,42,47,48,49,50],"class_list":{"0":"post-5957","1":"post","2":"type-post","3":"status-publish","4":"format-standard","5":"has-post-thumbnail","7":"category-aktion","8":"tag-aktion","9":"tag-gegen-rassismus","10":"tag-jungendliche","11":"tag-nein-zu-rassismus","12":"tag-rassismus","13":"tag-saarbruecken","14":"tag-solidaritaet"},"_links":{"self":[{"href":"https:\/\/hausafrika.de\/aktuelles\/wp-json\/wp\/v2\/posts\/5957","targetHints":{"allow":["GET"]}}],"collection":[{"href":"https:\/\/hausafrika.de\/aktuelles\/wp-json\/wp\/v2\/posts"}],"about":[{"href":"https:\/\/hausafrika.de\/aktuelles\/wp-json\/wp\/v2\/types\/post"}],"author":[{"embeddable":true,"href":"https:\/\/hausafrika.de\/aktuelles\/wp-json\/wp\/v2\/users\/3"}],"replies":[{"embeddable":true,"href":"https:\/\/hausafrika.de\/aktuelles\/wp-json\/wp\/v2\/comments?post=5957"}],"version-history":[{"count":1,"href":"https:\/\/hausafrika.de\/aktuelles\/wp-json\/wp\/v2\/posts\/5957\/revisions"}],"predecessor-version":[{"id":5960,"href":"https:\/\/hausafrika.de\/aktuelles\/wp-json\/wp\/v2\/posts\/5957\/revisions\/5960"}],"wp:featuredmedia":[{"embeddable":true,"href":"https:\/\/hausafrika.de\/aktuelles\/wp-json\/wp\/v2\/media\/5961"}],"wp:attachment":[{"href":"https:\/\/hausafrika.de\/aktuelles\/wp-json\/wp\/v2\/media?parent=5957"}],"wp:term":[{"taxonomy":"category","embeddable":true,"href":"https:\/\/hausafrika.de\/aktuelles\/wp-json\/wp\/v2\/categories?post=5957"},{"taxonomy":"post_tag","embeddable":true,"href":"https:\/\/hausafrika.de\/aktuelles\/wp-json\/wp\/v2\/tags?post=5957"}],"curies":[{"name":"wp","href":"https:\/\/api.w.org\/{rel}","templated":true}]}}