{"id":5975,"date":"2020-09-24T23:59:00","date_gmt":"2020-09-24T21:59:00","guid":{"rendered":"https:\/\/hausafrika.de\/aktuelles\/?p=5975"},"modified":"2024-10-13T15:40:51","modified_gmt":"2024-10-13T13:40:51","slug":"dialogkonferenz-eine-gesellschaft-ohne-rassismus-hier-und-jetzt","status":"publish","type":"post","link":"https:\/\/hausafrika.de\/aktuelles\/2020\/09\/24\/dialogkonferenz-eine-gesellschaft-ohne-rassismus-hier-und-jetzt\/","title":{"rendered":"Dialogkonferenz &#8222;Eine Gesellschaft ohne Rassismus. Hier und jetzt!&#8220;"},"content":{"rendered":"\n<p>Sehr geehrte Damen und Herren,<\/p>\n\n\n\n<p>nach einer rassistisch motivierten Messerattacke Juni 2020 gegen einen Studenten aus Gabun hatte Haus Afrika im Rahmen der &#8222;Black Lives Matter&#8220;-Bewegung Dauerprotestaktionen gestartet. So l\u00e4dt der Verband im Rahmen der interkulturellen Wochen am 25.09.2020, 15.30 Uhr zu einer Dialogkonferenz unter dem Motto &#8222;Eine Gesellschaft ohne Rassismus. Hier und jetzt!&#8220; ein.\u00a0<\/p>\n\n\n\n<p>Nach einem Impulsreferat von Dr. Hugues Blaise Feret Pokos von der SRH Hochschule Hamm diskutieren Vertreter\/innen der Verwaltung, Politik und Zivilgesellschaft mit Zugewanderten \u00fcber m\u00f6gliche L\u00f6sungen f\u00fcr Rassismus in der Landeshauptstadt Saarbr\u00fccken. Siehe Ablauf im Anhang.<br>Aufgrund geltender Corona-Ma\u00dfnahmen ist die Anzahl der Teilnehmer\/innen uf 15 begrenzt. Wir bitten um Verst\u00e4ndnis daf\u00fcr, dass nur per Mail angemeldete Interessierte zur Pr\u00e4senz-Konferenz zugelassen werden k\u00f6nnen.<\/p>\n\n\n\n<p>Es besteht jedoch die M\u00f6glichkeit, an der Konferenz auf Distanz per &#8222;GoToMeeting&#8220; teilzunehmen. Die Zugangsdaten werden am Tag der Dialogkonferenz ab 12.00 Uhr bekannt gegeben.\u00a0\u00a0\u00a0\u00a0\u00a0\u00a0<br>Unter Schirmherrschaft von Uwe Conradt, Oberb\u00fcrgermeister der Landeshauptstadt Saarbr\u00fccken findet die Veranstaltung in Zusammenarbeit mit dem Bundesverband Netzuwerke Migrantenorganisationen (NeMO) e.V. im Rahmen des Bundesmopdellprojekts Samo.faPlus (St\u00e4rkung der Aktiven aus Migrantenorganisationen) statt.<\/p>\n\n\n\n<p>Wir freuen uns auf Ihre Teilnahme per Videokonferenz<\/p>\n\n\n\n<p>mit freundlichen Gr\u00fc\u00dfen<\/p>\n\n\n\n<p>Haus Afrika e.V.<br>Verband interkulturell aktiver Organisationen<\/p>\n\n\n\n<p>Lamine Cont\u00e9<br>Gesch\u00e4ftsf\u00fchrer<br>Tel.: 0175-360 64 21<\/p>\n\n\n\n<div class=\"wp-block-file\"><a href=\"https:\/\/hausafrika.de\/aktuelles\/wp-content\/uploads\/sites\/2\/2020\/09\/Einladung_Dialogkonferenz_25_Sept_2020.pdf\">Einladung Dialogkonferenz 25 September 2020<\/a><a href=\"https:\/\/hausafrika.de\/aktuelles\/wp-content\/uploads\/sites\/2\/2020\/09\/Einladung_Dialogkonferenz_25_Sept_2020.pdf\" class=\"wp-block-file__button\" download>Herunterladen<\/a><\/div>\n","protected":false},"excerpt":{"rendered":"<p>Sehr geehrte Damen und Herren, nach einer rassistisch motivierten Messerattacke&#8230;<\/p>\n","protected":false},"author":3,"featured_media":0,"comment_status":"closed","ping_status":"open","sticky":false,"template":"","format":"standard","meta":{"inline_featured_image":false,"footnotes":""},"categories":[28,24,36],"tags":[53,29,54,47],"class_list":{"0":"post-5975","1":"post","2":"type-post","3":"status-publish","4":"format-standard","6":"category-einladung","7":"category-integration","8":"category-veranstaltung","9":"tag-dialogkonferenz","10":"tag-einladung","11":"tag-konferenz","12":"tag-nein-zu-rassismus"},"_links":{"self":[{"href":"https:\/\/hausafrika.de\/aktuelles\/wp-json\/wp\/v2\/posts\/5975","targetHints":{"allow":["GET"]}}],"collection":[{"href":"https:\/\/hausafrika.de\/aktuelles\/wp-json\/wp\/v2\/posts"}],"about":[{"href":"https:\/\/hausafrika.de\/aktuelles\/wp-json\/wp\/v2\/types\/post"}],"author":[{"embeddable":true,"href":"https:\/\/hausafrika.de\/aktuelles\/wp-json\/wp\/v2\/users\/3"}],"replies":[{"embeddable":true,"href":"https:\/\/hausafrika.de\/aktuelles\/wp-json\/wp\/v2\/comments?post=5975"}],"version-history":[{"count":1,"href":"https:\/\/hausafrika.de\/aktuelles\/wp-json\/wp\/v2\/posts\/5975\/revisions"}],"predecessor-version":[{"id":5977,"href":"https:\/\/hausafrika.de\/aktuelles\/wp-json\/wp\/v2\/posts\/5975\/revisions\/5977"}],"wp:attachment":[{"href":"https:\/\/hausafrika.de\/aktuelles\/wp-json\/wp\/v2\/media?parent=5975"}],"wp:term":[{"taxonomy":"category","embeddable":true,"href":"https:\/\/hausafrika.de\/aktuelles\/wp-json\/wp\/v2\/categories?post=5975"},{"taxonomy":"post_tag","embeddable":true,"href":"https:\/\/hausafrika.de\/aktuelles\/wp-json\/wp\/v2\/tags?post=5975"}],"curies":[{"name":"wp","href":"https:\/\/api.w.org\/{rel}","templated":true}]}}