{"id":5980,"date":"2020-11-20T22:42:00","date_gmt":"2020-11-20T21:42:00","guid":{"rendered":"https:\/\/hausafrika.de\/aktuelles\/?p=5980"},"modified":"2024-10-13T15:40:51","modified_gmt":"2024-10-13T13:40:51","slug":"pressemitteilung-stadtgesellschaft-saarbruecken-rassismus-und-diskriminierungskritisch-neu-denken","status":"publish","type":"post","link":"https:\/\/hausafrika.de\/aktuelles\/2020\/11\/20\/pressemitteilung-stadtgesellschaft-saarbruecken-rassismus-und-diskriminierungskritisch-neu-denken\/","title":{"rendered":"Pressemitteilung: Stadtgesellschaft Saarbr\u00fccken rassismus- und diskriminierungskritisch neu denken!"},"content":{"rendered":"\n<h3 class=\"has-text-align-center wp-block-heading\"><strong>Eine Stadt im Dialog \u2013 Einladung zur Diskussion<\/strong><br><strong>Stadtgesellschaft Saarbr\u00fccken rassismus- und diskriminierungskritisch neu denken!<\/strong><\/h3>\n\n\n\n<p><strong>Am 26.11.2020 zwischen 17:00 und 20:00 Uhr laden Haus Afrika e.V.-Verband interkulturell aktiver Organisationen und der Bundesverband Netzwerke von Migrantenorganisationen e. V. (NeMO) zum digitalen B\u00fcrger*innenDialog ein.<\/strong><\/p>\n\n\n\n<p>Die Messerattacke gegen einen Studierenden aus Gabun am 06.06.2020 in Saarbr\u00fccken hat Rassismus und rassistische Gewalt wieder verst\u00e4rkt in das \u00f6ffentliche Bewusstsein in der Landeshauptstadt ger\u00fcckt. Der Anschlag wurde durch Politik, Verwaltung und Akteur*innen der Zivilgesellschaft verurteilt.<\/p>\n\n\n\n<p>Ein Blick auf die Erfahrungsberichte von Migrant*innenorganisationen zu Rassismuserfahrungen oder die aktuellen Entwicklungen rund um COVID-19, die immer wieder zur Stigmatisierung von bestimmten Gruppen f\u00fchren, verraten jedoch, dass rassistische Diskriminierung hierzulande kein Einzelph\u00e4nomen, sondern ein strukturelles Problem darstellt.<strong> Welche Rolle f\u00e4llt den St\u00e4dten und Kommunen im Kampf gegen Rassismus und Diskriminierung zu?<\/strong><\/p>\n\n\n\n<p><strong>Mit dem Eintritt in die Europ<\/strong><strong>\u00e4<\/strong><strong>ische St<\/strong><strong>\u00e4<\/strong><strong>dtekoalition gegen Rassismus im Jahr 2009 und dem 2020 verabschiedeten Integrationskonzept <\/strong><strong>\u201e<\/strong><strong>Internationales Saarbr<\/strong><strong>\u00fc<\/strong><strong>cken<\/strong><strong>\u201c <\/strong><strong>sprach sich die Landeshauptstadt Saarbr<\/strong><strong>\u00fc<\/strong><strong>cken <\/strong><strong>\u00f6<\/strong><strong>ffentlich f<\/strong><strong>\u00fc<\/strong><strong>r eine gerechte, diskriminierungskritische und solidarische Gesellschaft aus<\/strong>. <a href=\"https:\/\/www.eccar.info\/\">Die Europ\u00e4ische St\u00e4dte-Koalition gegen Rassismus<\/a> wurde 2004 als eine Initiative der UNESCO gegr\u00fcndet und verzeichnet derzeit rund 150 Mitgliedsst\u00e4dte. Sie alle haben sich der Aufgabe verschrieben, jegliche Form von Rassismus und Diskriminierung auf kommunaler Ebene zu bek\u00e4mpfen, auf gesellschaftliche Pluralit\u00e4t zu achten, Solidarit\u00e4t zu f\u00f6rdern und f\u00fcr Menschenrechte einzustehen.<\/p>\n\n\n\n<p>Wie kann die Agenda der St\u00e4dtekoalition gegen Rassismusnun nachhaltig von der Saarbr\u00fccker Politik und Stadtverwaltung umgesetzt werden? Inwieweit k\u00f6nnen die Aktivit\u00e4ten von Migrant*innenorganisationen sowie einzelner Akteur*innen in diese Prozesse einbezogen werden? Welche Impulse k\u00f6nnen durch die Zivilbev\u00f6lkerung gesetzt werden? Diese und andere Fragen m\u00f6chten wir gemeinsam mit folgenden Pers\u00f6nlichkeiten auf dem kommenden B\u00fcrger*innenDialog online diskutieren: <strong>Ministerin Monika Bachmann<\/strong>, Integrationsbeauftragte der saarl\u00e4ndischen Landesregierung (angefragt), Regionalverbandsdirektor <strong>Peter Gillo<\/strong>, <strong>B<\/strong><strong>\u00fc<\/strong><strong>rgermeisterin Barbara Meyer-Gluche<\/strong>, Stadtratsfraktion der B\u00fcndnis 90\/Die Gr\u00fcnen, <strong>Veronika Kabis<\/strong>, Leiterin des Zuwanderungs- und Integrationsb\u00fcros,<\/p>\n\n\n\n<p><strong>Mohamed Maiga<\/strong>, Gesch\u00e4ftsf\u00fchrer des saarl\u00e4ndischen Integrationsrates, Pr\u00e4sident von Ramesch e.V. (angefragt), <strong>Lamine Cont<\/strong><strong>\u00e9<\/strong>, Sprecher des Integrationsbeirates Saarbr\u00fccken, Gesch\u00e4ftsf\u00fchrer von Haus Afrika e.V.. Im Anschluss an der Podiumsdiskussion h\u00e4lt <strong>Karin Mei<\/strong><strong>\u00df<\/strong><strong>ner<\/strong> vom Antidiskriminierungsforum Saar einen Vortrag zum Thema \u201eEtablierung einer rassismus- und diskriminierungskritischen Stadtgesellschaft&#8220;. Die Moderation \u00fcbernimmt Manuela Weichsel vom Saarl\u00e4ndischen Rundfunk.<\/p>\n\n\n\n<p><strong>Die Anmeldung zur Online-Veranstaltung erfolgt per Mail an: <\/strong><strong><a href=\"mailto:c.morana@bv-nemo.de\">c.morana@bv-nemo.de<\/a><\/strong><\/p>\n\n\n\n<p>Mit der Anmeldebest\u00e4tigung erhalten Sie den Zugangslink zur Sitzung sowie den Programmablauf.<\/p>\n\n\n\n<p>Wir freuen uns auf zahlreiche Teilnahme und einen regen Austausch!<\/p>\n\n\n\n<div class=\"wp-block-columns is-layout-flex wp-container-core-columns-is-layout-9d6595d7 wp-block-columns-is-layout-flex\">\n<div class=\"wp-block-column is-layout-flow wp-block-column-is-layout-flow\">\n<h4 class=\"wp-block-heading\"><strong>Pressestelle<\/strong><\/h4>\n\n\n\n<p>Frau Irina Serdyuk<br><strong>Tel:<\/strong> +49 30 568 20 303<br><strong>Mobil: <\/strong>+49 (0) 151 519 45 868<br><strong><a href=\"mailto:presse@bv-nemo.de\">presse@bv-nemo.de<\/a><\/strong><\/p>\n<\/div>\n\n\n\n<div class=\"wp-block-column is-layout-flow wp-block-column-is-layout-flow\">\n<h4 class=\"wp-block-heading\">BV NeMO e.V.<\/h4>\n\n\n\n<p>am S\u00fcdhaus 2<br>12053 Berlin<br><a href=\"https:\/\/www.bv-nemo.de\" data-type=\"URL\" data-id=\"https:\/\/www.bv-nemo.de\">www.bv-nemo.de<\/a><\/p>\n<\/div>\n\n\n\n<div class=\"wp-block-column is-layout-flow wp-block-column-is-layout-flow\">\n<h4 class=\"wp-block-heading\">Lokaler Partner<\/h4>\n\n\n\n<p>Haus Afrika e.V.<br>Gro\u00dfherzog-Friedrich-Stra\u00dfe 111<br>66121 Saarbr\u00fccken<br><a href=\"mailto:info@hausafrika.de\">info@hausafrika.de<\/a><\/p>\n<\/div>\n<\/div>\n\n\n\n<div class=\"wp-block-columns is-layout-flex wp-container-core-columns-is-layout-9d6595d7 wp-block-columns-is-layout-flex\">\n<div class=\"wp-block-column is-layout-flow wp-block-column-is-layout-flow\">\n<figure class=\"wp-block-image size-large is-resized\"><img loading=\"lazy\" decoding=\"async\" src=\"https:\/\/www.bv-nemo.de\/fileadmin\/_processed_\/1\/d\/csm_z_5c8088c3ad.png\" alt=\"\" width=\"256\" height=\"255\"\/><\/figure>\n<\/div>\n\n\n\n<div class=\"wp-block-column is-layout-flow wp-block-column-is-layout-flow\">\n<figure class=\"wp-block-image size-large is-resized\"><img loading=\"lazy\" decoding=\"async\" src=\"https:\/\/hausafrika.de\/aktuelles\/wp-content\/uploads\/sites\/2\/2020\/01\/logo_ha.png\" alt=\"\" class=\"wp-image-9\" width=\"254\" height=\"256\" srcset=\"https:\/\/hausafrika.de\/aktuelles\/wp-content\/uploads\/sites\/2\/2020\/01\/logo_ha.png 912w, https:\/\/hausafrika.de\/aktuelles\/wp-content\/uploads\/sites\/2\/2020\/01\/logo_ha-297x300.png 297w, https:\/\/hausafrika.de\/aktuelles\/wp-content\/uploads\/sites\/2\/2020\/01\/logo_ha-150x150.png 150w, https:\/\/hausafrika.de\/aktuelles\/wp-content\/uploads\/sites\/2\/2020\/01\/logo_ha-768x775.png 768w, https:\/\/hausafrika.de\/aktuelles\/wp-content\/uploads\/sites\/2\/2020\/01\/logo_ha-100x100.png 100w, https:\/\/hausafrika.de\/aktuelles\/wp-content\/uploads\/sites\/2\/2020\/01\/logo_ha-140x140.png 140w\" sizes=\"auto, (max-width: 254px) 100vw, 254px\" \/><\/figure>\n<\/div>\n\n\n\n<div class=\"wp-block-column is-layout-flow wp-block-column-is-layout-flow\">\n<figure class=\"wp-block-image size-large is-resized\"><img loading=\"lazy\" decoding=\"async\" src=\"https:\/\/hausafrika.de\/wp-content\/uploads\/2020\/01\/NEMO-logo-_zweifarbig.jpg\" alt=\"\" width=\"348\" height=\"212\"\/><\/figure>\n<\/div>\n<\/div>\n","protected":false},"excerpt":{"rendered":"<p>Eine Stadt im Dialog \u2013 Einladung zur DiskussionStadtgesellschaft Saarbr\u00fccken rassismus-&#8230;<\/p>\n","protected":false},"author":3,"featured_media":0,"comment_status":"closed","ping_status":"open","sticky":false,"template":"","format":"standard","meta":{"inline_featured_image":false,"footnotes":""},"categories":[1,39,28,55],"tags":[57,58,47,56,48,49],"class_list":{"0":"post-5980","1":"post","2":"type-post","3":"status-publish","4":"format-standard","6":"category-allgemein","7":"category-discussionsabend","8":"category-einladung","9":"category-pressemitteilung","10":"tag-diskriminierung","11":"tag-nein-zu-diskriminierung","12":"tag-nein-zu-rassismus","13":"tag-nemo-e-v","14":"tag-rassismus","15":"tag-saarbruecken"},"_links":{"self":[{"href":"https:\/\/hausafrika.de\/aktuelles\/wp-json\/wp\/v2\/posts\/5980","targetHints":{"allow":["GET"]}}],"collection":[{"href":"https:\/\/hausafrika.de\/aktuelles\/wp-json\/wp\/v2\/posts"}],"about":[{"href":"https:\/\/hausafrika.de\/aktuelles\/wp-json\/wp\/v2\/types\/post"}],"author":[{"embeddable":true,"href":"https:\/\/hausafrika.de\/aktuelles\/wp-json\/wp\/v2\/users\/3"}],"replies":[{"embeddable":true,"href":"https:\/\/hausafrika.de\/aktuelles\/wp-json\/wp\/v2\/comments?post=5980"}],"version-history":[{"count":9,"href":"https:\/\/hausafrika.de\/aktuelles\/wp-json\/wp\/v2\/posts\/5980\/revisions"}],"predecessor-version":[{"id":5992,"href":"https:\/\/hausafrika.de\/aktuelles\/wp-json\/wp\/v2\/posts\/5980\/revisions\/5992"}],"wp:attachment":[{"href":"https:\/\/hausafrika.de\/aktuelles\/wp-json\/wp\/v2\/media?parent=5980"}],"wp:term":[{"taxonomy":"category","embeddable":true,"href":"https:\/\/hausafrika.de\/aktuelles\/wp-json\/wp\/v2\/categories?post=5980"},{"taxonomy":"post_tag","embeddable":true,"href":"https:\/\/hausafrika.de\/aktuelles\/wp-json\/wp\/v2\/tags?post=5980"}],"curies":[{"name":"wp","href":"https:\/\/api.w.org\/{rel}","templated":true}]}}