{"id":66,"date":"2025-01-01T01:00:00","date_gmt":"2025-01-01T00:00:00","guid":{"rendered":"https:\/\/hausafrika.de\/projekte-und-angebote\/?p=66"},"modified":"2025-05-05T19:38:36","modified_gmt":"2025-05-05T17:38:36","slug":"we-act-community-basierte-rassismuskritischen-beratung","status":"publish","type":"post","link":"https:\/\/hausafrika.de\/projekte-und-angebote\/we-act-community-basierte-rassismuskritischen-beratung\/","title":{"rendered":"we act: Community-basierte rassismuskritischen Beratung"},"content":{"rendered":"<div class=\"wp-block-image is-style-default\">\n<figure class=\"aligncenter size-full\"><img loading=\"lazy\" decoding=\"async\" width=\"600\" height=\"358\" src=\"https:\/\/hausafrika.de\/projekte-und-angebote\/wp-content\/uploads\/sites\/5\/2025\/05\/image-1.png\" alt=\"\" class=\"wp-image-67\" srcset=\"https:\/\/hausafrika.de\/projekte-und-angebote\/wp-content\/uploads\/sites\/5\/2025\/05\/image-1.png 600w, https:\/\/hausafrika.de\/projekte-und-angebote\/wp-content\/uploads\/sites\/5\/2025\/05\/image-1-300x179.png 300w\" sizes=\"auto, (max-width: 600px) 100vw, 600px\" \/><\/figure><\/div>\n\n\n<h2 class=\"wp-block-heading has-text-align-center\"><strong><mark style=\"background-color:rgba(0, 0, 0, 0)\" class=\"has-inline-color has-vivid-cyan-blue-color\">community-basierte rassismuskritischen Anlaufstellen\/Beratungsstellen in Tr\u00e4gerschaft von<br>Migrant*innenorganisationsverb\u00fcnden<\/mark><\/strong><\/h2>\n\n\n\n<div class=\"wp-block-columns is-layout-flex wp-container-core-columns-is-layout-9d6595d7 wp-block-columns-is-layout-flex\">\n<div class=\"wp-block-column is-layout-flow wp-block-column-is-layout-flow\" style=\"flex-basis:33.33%\">\n<p><strong>Ein Bundesmodellprojekt von<\/strong><\/p>\n<\/div>\n\n\n\n<div class=\"wp-block-column is-layout-flow wp-block-column-is-layout-flow\" style=\"flex-basis:66.66%\"><div class=\"wp-block-image\">\n<figure class=\"aligncenter size-full\"><img loading=\"lazy\" decoding=\"async\" width=\"233\" height=\"111\" src=\"https:\/\/hausafrika.de\/projekte-und-angebote\/wp-content\/uploads\/sites\/5\/2025\/05\/image-4.png\" alt=\"\" class=\"wp-image-70\"\/><\/figure><\/div><\/div>\n<\/div>\n\n\n\n<div class=\"wp-block-columns is-layout-flex wp-container-core-columns-is-layout-9d6595d7 wp-block-columns-is-layout-flex\">\n<div class=\"wp-block-column is-layout-flow wp-block-column-is-layout-flow\">\n<p><strong>Koordinierungsstelle f\u00fcr das Saarland<\/strong><br>Haus Afrika V\u00f6lklingen<br>Rathausstra\u00dfe 37<br>D-66333 V\u00f6lklingen<\/p>\n\n\n\n<p><strong>\u00d6ffnungszeiten:<\/strong><br>Dienstag und Donnerstag,<br>09.00-17:00 Uhr<\/p>\n\n\n\n<p><strong>Kontakt:<\/strong><br>Herr Boneah Camara<br>Tel.:\u00a0 01521- 163 29 73<\/p>\n<\/div>\n\n\n\n<div class=\"wp-block-column is-layout-flow wp-block-column-is-layout-flow\">\n<p><mark style=\"background-color:rgba(0, 0, 0, 0)\" class=\"has-inline-color has-vivid-red-color\"><strong>Haben Sie Rassismus erlebt, beobachtet?<\/strong><\/mark><\/p>\n\n\n\n<p><strong><mark style=\"background-color:rgba(0, 0, 0, 0)\" class=\"has-inline-color has-vivid-green-cyan-color\">Reden Sie mit uns!<\/mark><\/strong><\/p>\n\n\n\n<figure class=\"wp-block-image size-large\"><img loading=\"lazy\" decoding=\"async\" width=\"746\" height=\"559\" src=\"https:\/\/hausafrika.de\/projekte-und-angebote\/wp-content\/uploads\/sites\/5\/2025\/05\/image-15-edited.png\" alt=\"\" class=\"wp-image-84\" srcset=\"https:\/\/hausafrika.de\/projekte-und-angebote\/wp-content\/uploads\/sites\/5\/2025\/05\/image-15-edited.png 746w, https:\/\/hausafrika.de\/projekte-und-angebote\/wp-content\/uploads\/sites\/5\/2025\/05\/image-15-edited-300x225.png 300w\" sizes=\"auto, (max-width: 746px) 100vw, 746px\" \/><\/figure>\n<\/div>\n<\/div>\n\n\n\n<div class=\"wp-block-columns is-layout-flex wp-container-core-columns-is-layout-9d6595d7 wp-block-columns-is-layout-flex\">\n<div class=\"wp-block-column is-layout-flow wp-block-column-is-layout-flow\">\n<figure class=\"wp-block-image size-full\"><img loading=\"lazy\" decoding=\"async\" width=\"300\" height=\"123\" src=\"https:\/\/hausafrika.de\/projekte-und-angebote\/wp-content\/uploads\/sites\/5\/2025\/05\/image-14.png\" alt=\"\" class=\"wp-image-80\"\/><\/figure>\n<\/div>\n\n\n\n<div class=\"wp-block-column is-layout-flow wp-block-column-is-layout-flow\">\n<p>Mehr Informationen <a href=\"http:\/\/www.bv-nemo.de\/projekte\">www.bv-nemo.de\/projekte<\/a><\/p>\n<\/div>\n<\/div>\n\n\n\n<p><\/p>\n","protected":false},"excerpt":{"rendered":"<p>We act: Community-basierte rassismuskritischen Anlaufstellen\/Beratungsstellen in Tr\u00e4gerschaft von<br \/>\nMigrant*innenorganisationsverb\u00fcnden.<\/p>\n","protected":false},"author":3,"featured_media":67,"comment_status":"closed","ping_status":"closed","sticky":false,"template":"","format":"standard","meta":{"inline_featured_image":false,"footnotes":""},"categories":[3],"tags":[],"class_list":{"0":"post-66","1":"post","2":"type-post","3":"status-publish","4":"format-standard","5":"has-post-thumbnail","7":"category-projekte"},"_links":{"self":[{"href":"https:\/\/hausafrika.de\/projekte-und-angebote\/wp-json\/wp\/v2\/posts\/66","targetHints":{"allow":["GET"]}}],"collection":[{"href":"https:\/\/hausafrika.de\/projekte-und-angebote\/wp-json\/wp\/v2\/posts"}],"about":[{"href":"https:\/\/hausafrika.de\/projekte-und-angebote\/wp-json\/wp\/v2\/types\/post"}],"author":[{"embeddable":true,"href":"https:\/\/hausafrika.de\/projekte-und-angebote\/wp-json\/wp\/v2\/users\/3"}],"replies":[{"embeddable":true,"href":"https:\/\/hausafrika.de\/projekte-und-angebote\/wp-json\/wp\/v2\/comments?post=66"}],"version-history":[{"count":4,"href":"https:\/\/hausafrika.de\/projekte-und-angebote\/wp-json\/wp\/v2\/posts\/66\/revisions"}],"predecessor-version":[{"id":100,"href":"https:\/\/hausafrika.de\/projekte-und-angebote\/wp-json\/wp\/v2\/posts\/66\/revisions\/100"}],"wp:featuredmedia":[{"embeddable":true,"href":"https:\/\/hausafrika.de\/projekte-und-angebote\/wp-json\/wp\/v2\/media\/67"}],"wp:attachment":[{"href":"https:\/\/hausafrika.de\/projekte-und-angebote\/wp-json\/wp\/v2\/media?parent=66"}],"wp:term":[{"taxonomy":"category","embeddable":true,"href":"https:\/\/hausafrika.de\/projekte-und-angebote\/wp-json\/wp\/v2\/categories?post=66"},{"taxonomy":"post_tag","embeddable":true,"href":"https:\/\/hausafrika.de\/projekte-und-angebote\/wp-json\/wp\/v2\/tags?post=66"}],"curies":[{"name":"wp","href":"https:\/\/api.w.org\/{rel}","templated":true}]}}